{"id":1203,"date":"2013-12-13T16:05:23","date_gmt":"2013-12-13T20:35:23","guid":{"rendered":"https:\/\/conalti.org\/?p=1203"},"modified":"2020-04-07T15:46:53","modified_gmt":"2020-04-07T19:46:53","slug":"veredicto-viii-concurso-de-traduccion-eim-ucv","status":"publish","type":"post","link":"https:\/\/conalti.org\/en\/veredicto-viii-concurso-de-traduccion-eim-ucv\/","title":{"rendered":"Veredicto VIII Concurso de Traducci\u00f3n EIM-UCV"},"content":{"rendered":"<p><!--:es-->CONALTI desea felicitar a Sara Manuzzi, estudiante de la Universidad de Los Andes, por haber ganado el VIII Concurso de Traducci\u00f3n de la Escuela de Idiomas Modernos de la UCV.<\/p>\n<p>Se se\u00f1ala en el veredicto que el jurado examinador, \u00abhabiendo examinado los textos que fueron enviados por los concursantes en lengua italiana y habiendo hecho las consideraciones pertinentes de acuerdo a las bases del concurso, tom\u00f3 la decisi\u00f3n de declarar ganador a Sara Manuzzi, estudiante de la Universidad de Los Andes, en raz\u00f3n de que su texto re\u00fane los rasgos m\u00ednimos razonablemente exigibles a un texto de este tipo.\u00a0Se respetaron el encargo de traducci\u00f3n y las estructuras sint\u00e1cticas de la lengua t\u00e9rmino. Adem\u00e1s, se evidenci\u00f3 un amplio conocimiento de la lengua y de la cultura italianas\u00bb.<\/p>\n<p>Convocado por la Unidad de Extensi\u00f3n de la Escuela de Idiomas Modernos el 30 de septiembre del 2013, en ocasi\u00f3n del D\u00eda Internacional del Traductor, el\u00a0<a title=\"VIII Concurso de Traducci\u00f3n\" href=\"https:\/\/conalti.org\/en\/?p=1150\" target=\"_blank\" rel=\"noopener noreferrer\">concurso<\/a>\u00a0consisti\u00f3 en la traducci\u00f3n del <a title=\"Men\u00fa mesa navide\u00f1a\" href=\"https:\/\/conalti.org\/wp-content\/uploads\/2013\/10\/Men%C3%BA-navide%C3%B1o.pdf\" target=\"_blank\" rel=\"noopener noreferrer\">men\u00fa de la mesa navide\u00f1a<\/a> de la EIM de este a\u00f1o, originalmente escrito en espa\u00f1ol.<\/p>\n<p>CONALTI desea adem\u00e1s reconocer el trabajo de la Unidad de Extensi\u00f3n de la Escuela de Idiomas Modernos de la Universidad Central de Venezuela por organizar activiades como esta entre los futuros colegas traductores.<!--:--><!--:EN--><!--:--><\/p>","protected":false},"excerpt":{"rendered":"<div class=\"mh-excerpt\"><p>CONALTI desea felicitar a Sara Manuzzi, estudiante de la Universidad de Los Andes, por haber ganado el VIII Concurso de Traducci\u00f3n de la Escuela de <a class=\"mh-excerpt-more\" href=\"https:\/\/conalti.org\/en\/veredicto-viii-concurso-de-traduccion-eim-ucv\/\" title=\"Veredicto VIII Concurso de Traducci\u00f3n EIM-UCV\">[&#8230;]<\/a><\/p>\n<\/div>","protected":false},"author":15,"featured_media":1160,"comment_status":"closed","ping_status":"closed","sticky":false,"template":"","format":"standard","meta":{"footnotes":""},"categories":[15],"tags":[],"class_list":["post-1203","post","type-post","status-publish","format-standard","has-post-thumbnail","hentry","category-conalti-informa"],"_links":{"self":[{"href":"https:\/\/conalti.org\/en\/wp-json\/wp\/v2\/posts\/1203","targetHints":{"allow":["GET"]}}],"collection":[{"href":"https:\/\/conalti.org\/en\/wp-json\/wp\/v2\/posts"}],"about":[{"href":"https:\/\/conalti.org\/en\/wp-json\/wp\/v2\/types\/post"}],"author":[{"embeddable":true,"href":"https:\/\/conalti.org\/en\/wp-json\/wp\/v2\/users\/15"}],"replies":[{"embeddable":true,"href":"https:\/\/conalti.org\/en\/wp-json\/wp\/v2\/comments?post=1203"}],"version-history":[{"count":4,"href":"https:\/\/conalti.org\/en\/wp-json\/wp\/v2\/posts\/1203\/revisions"}],"predecessor-version":[{"id":2509,"href":"https:\/\/conalti.org\/en\/wp-json\/wp\/v2\/posts\/1203\/revisions\/2509"}],"wp:featuredmedia":[{"embeddable":true,"href":"https:\/\/conalti.org\/en\/wp-json\/wp\/v2\/media\/1160"}],"wp:attachment":[{"href":"https:\/\/conalti.org\/en\/wp-json\/wp\/v2\/media?parent=1203"}],"wp:term":[{"taxonomy":"category","embeddable":true,"href":"https:\/\/conalti.org\/en\/wp-json\/wp\/v2\/categories?post=1203"},{"taxonomy":"post_tag","embeddable":true,"href":"https:\/\/conalti.org\/en\/wp-json\/wp\/v2\/tags?post=1203"}],"curies":[{"name":"wp","href":"https:\/\/api.w.org\/{rel}","templated":true}]}}